{"id":3418,"date":"2021-11-02T11:03:26","date_gmt":"2021-11-02T10:03:26","guid":{"rendered":"https:\/\/orainprebentzioa.com\/?p=3418"},"modified":"2023-12-21T14:33:29","modified_gmt":"2023-12-21T13:33:29","slug":"entrevista-pantallas-en-la-infancia-no-podemos-criminalizar-a-los-ninos-nosotros-mismos-estamos-atrapados","status":"publish","type":"post","link":"https:\/\/orainprebentzioa.com\/es\/entrevista-pantallas-en-la-infancia-no-podemos-criminalizar-a-los-ninos-nosotros-mismos-estamos-atrapados\/","title":{"rendered":"Entrevista: \u00abPantallas en la infancia: No podemos criminalizar a los ni\u00f1os; nosotros mismos estamos atrapados\u00bb"},"content":{"rendered":"<p><span id=\"translation_box\" class=\"form-control-text textarea\" role=\"textbox\">Estamos empezando a olvidar lo que es un mundo sin pantallas. Vivimos enganchados a las pantallas, m\u00e1s las provocadas por la pandemia desde el encierro y, los ni\u00f1os y j\u00f3venes, no saben vivir de otra manera. En \u00ab<strong><a href=\"https:\/\/www.eitb.eus\/eu\/irratia\/euskadi-irratia\/programak\/faktoria\/\" target=\"_blank\" rel=\"noopener\">Faktoria<span aria-hidden=\"true\" class=\"flaticon-external-url\" title=\"abrir en una nueva ventana\"><span class=\"sr-only\">Abrir en una nueva ventana<\/span><\/span> <\/a>\u00ab<\/strong> de Euskadi Irratia hemos charlado sobre infancia, educaci\u00f3n y dependencia de las pantallas con Mikel Cerezo, educador social de la asociaci\u00f3n Orainprebentzioa, y Eneko Tejada, doctor de la facultad de Educaci\u00f3n de la UPV.<\/span><\/p>\n<p>Tejada explica que hay posibilidades objetivas de que las TIC se utilicen en el proceso educativo, pero que lo digital no deber\u00eda sustituir a lo anal\u00f3gico, sino \u00abcomplementarse\u00bb. Destaca que el proceso de digitalizaci\u00f3n ha tenido fallos: \u00abEl profesorado no se ha formado correctamente, se ha producido un tsunami digital que, al dar marcha atr\u00e1s, podr\u00eda venir la ola tecn\u00f3foba\u00bb.<\/p>\n<p>Cerezo, que trabaja para fomentar el uso responsable de las TIC en los centros educativos, explica que el uso desproporcionado de las pantallas ha influido en el sistema cognitivo del alumnado: \u00abHa afectado claramente a la capacidad de concentraci\u00f3n y a la memoria\u00bb. Cree que luchar por un uso sano es dif\u00edcil porque \u00abtodos somos dependientes y el mundo est\u00e1 cambiando a toda velocidad\u00bb, y porque los padres \u00abson un David sin piedras contra Goliat\u00bb. Tejada se muestra m\u00e1s optimista: \u00abLa ola se puede surfear y los padres tienen a su disposici\u00f3n herramientas interesantes\u00bb.<\/p>\n<p><a target=\"_blank\" href=\"https:\/\/www.eitb.eus\/eu\/irratia\/euskadi-irratia\/programak\/faktoria\/osoa\/8353008\/pantallak-haurtzaroan-ezin-ditugu-umeak-kriminalizatu-gu-geu-gaude-harrapatuta\/\">Audio &#8211; Euskaraz<span aria-hidden=\"true\" class=\"flaticon-external-url\" title=\"abrir en una nueva ventana\"><span class=\"sr-only\">Abrir en una nueva ventana<\/span><\/span> <\/a><\/p>\n","protected":false},"excerpt":{"rendered":"<p>Estamos empezando a olvidar lo que es un mundo sin pantallas. Vivimos enganchados a las pantallas, m\u00e1s las provocadas por la pandemia desde el encierro y, los ni\u00f1os y j\u00f3venes, no saben vivir de otra manera. En \u00abFaktoriaAbrir en una nueva ventana \u00ab de Euskadi Irratia hemos charlado sobre infancia, educaci\u00f3n y dependencia de las pantallas con Mikel Cerezo, educador [&hellip;]<\/p>\n","protected":false},"author":2,"featured_media":3415,"comment_status":"open","ping_status":"open","sticky":false,"template":"","format":"standard","meta":{"footnotes":""},"categories":[48,34],"tags":[],"_links":{"self":[{"href":"https:\/\/orainprebentzioa.com\/es\/wp-json\/wp\/v2\/posts\/3418\/"}],"collection":[{"href":"https:\/\/orainprebentzioa.com\/es\/wp-json\/wp\/v2\/posts\/"}],"about":[{"href":"https:\/\/orainprebentzioa.com\/es\/wp-json\/wp\/v2\/types\/post\/"}],"author":[{"embeddable":true,"href":"https:\/\/orainprebentzioa.com\/es\/wp-json\/wp\/v2\/users\/2\/"}],"replies":[{"embeddable":true,"href":"https:\/\/orainprebentzioa.com\/es\/wp-json\/wp\/v2\/comments\/?post=3418"}],"version-history":[{"count":3,"href":"https:\/\/orainprebentzioa.com\/es\/wp-json\/wp\/v2\/posts\/3418\/revisions\/"}],"predecessor-version":[{"id":3424,"href":"https:\/\/orainprebentzioa.com\/es\/wp-json\/wp\/v2\/posts\/3418\/revisions\/3424\/"}],"wp:featuredmedia":[{"embeddable":true,"href":"https:\/\/orainprebentzioa.com\/es\/wp-json\/wp\/v2\/media\/3415\/"}],"wp:attachment":[{"href":"https:\/\/orainprebentzioa.com\/es\/wp-json\/wp\/v2\/media\/?parent=3418"}],"wp:term":[{"taxonomy":"category","embeddable":true,"href":"https:\/\/orainprebentzioa.com\/es\/wp-json\/wp\/v2\/categories\/?post=3418"},{"taxonomy":"post_tag","embeddable":true,"href":"https:\/\/orainprebentzioa.com\/es\/wp-json\/wp\/v2\/tags\/?post=3418"}],"curies":[{"name":"wp","href":"https:\/\/api.w.org\/{rel}","templated":true}]}}