{"id":3459,"date":"2021-11-04T14:00:40","date_gmt":"2021-11-04T13:00:40","guid":{"rendered":"https:\/\/orainprebentzioa.com\/?p=3459"},"modified":"2023-12-21T14:33:49","modified_gmt":"2023-12-21T13:33:49","slug":"teleberri-eitb-la-adiccion-a-las-pantallas-puede-causar-graves-problemas-de-aislamiento-y-obesidad","status":"publish","type":"post","link":"https:\/\/orainprebentzioa.com\/es\/teleberri-eitb-la-adiccion-a-las-pantallas-puede-causar-graves-problemas-de-aislamiento-y-obesidad\/","title":{"rendered":"Teleberri (EITB): La &#8216;adicci\u00f3n a las pantallas&#8217; puede causar graves problemas de aislamiento y obesidad"},"content":{"rendered":"<p class=\"entradilla\">La &#8216;adicci\u00f3n a las pantallas&#8217; puede causar graves problemas de aislamiento y obesidad (27\/10\/2021 I\u00f1aki Olano | EITB MEDIA)<\/p>\n<p>Uno de cada cinco menores corre el riesgo de caer en la &#8216;adicci\u00f3n a las pantallas&#8217;. Los grupos de prevenci\u00f3n de Euskadi intentan ense\u00f1ar a los j\u00f3venes a reflexionar sobre el uso de los dispositivos tecnol\u00f3gicos.<\/p>\n<p><a target=\"_blank\" href=\"https:\/\/www.eitb.eus\/es\/noticias\/sociedad\/videos\/detalle\/8412612\/video-la-adiccion-a-pantallas-puede-causar-graves-problemas-de-aislamiento-y-obesidad\/\">V\u00eddeo<span aria-hidden=\"true\" class=\"flaticon-external-url\" title=\"abrir en una nueva ventana\"><span class=\"sr-only\">Abrir en una nueva ventana<\/span><\/span> <\/a><\/p>\n","protected":false},"excerpt":{"rendered":"<p>La &#8216;adicci\u00f3n a las pantallas&#8217; puede causar graves problemas de aislamiento y obesidad (27\/10\/2021 I\u00f1aki Olano | EITB MEDIA) Uno de cada cinco menores corre el riesgo de caer en la &#8216;adicci\u00f3n a las pantallas&#8217;. Los grupos de prevenci\u00f3n de Euskadi intentan ense\u00f1ar a los j\u00f3venes a reflexionar sobre el uso de los dispositivos tecnol\u00f3gicos. V\u00eddeoAbrir en una nueva ventana<\/p>\n","protected":false},"author":2,"featured_media":3457,"comment_status":"open","ping_status":"open","sticky":false,"template":"","format":"standard","meta":{"footnotes":""},"categories":[48,34],"tags":[],"_links":{"self":[{"href":"https:\/\/orainprebentzioa.com\/es\/wp-json\/wp\/v2\/posts\/3459\/"}],"collection":[{"href":"https:\/\/orainprebentzioa.com\/es\/wp-json\/wp\/v2\/posts\/"}],"about":[{"href":"https:\/\/orainprebentzioa.com\/es\/wp-json\/wp\/v2\/types\/post\/"}],"author":[{"embeddable":true,"href":"https:\/\/orainprebentzioa.com\/es\/wp-json\/wp\/v2\/users\/2\/"}],"replies":[{"embeddable":true,"href":"https:\/\/orainprebentzioa.com\/es\/wp-json\/wp\/v2\/comments\/?post=3459"}],"version-history":[{"count":2,"href":"https:\/\/orainprebentzioa.com\/es\/wp-json\/wp\/v2\/posts\/3459\/revisions\/"}],"predecessor-version":[{"id":3461,"href":"https:\/\/orainprebentzioa.com\/es\/wp-json\/wp\/v2\/posts\/3459\/revisions\/3461\/"}],"wp:featuredmedia":[{"embeddable":true,"href":"https:\/\/orainprebentzioa.com\/es\/wp-json\/wp\/v2\/media\/3457\/"}],"wp:attachment":[{"href":"https:\/\/orainprebentzioa.com\/es\/wp-json\/wp\/v2\/media\/?parent=3459"}],"wp:term":[{"taxonomy":"category","embeddable":true,"href":"https:\/\/orainprebentzioa.com\/es\/wp-json\/wp\/v2\/categories\/?post=3459"},{"taxonomy":"post_tag","embeddable":true,"href":"https:\/\/orainprebentzioa.com\/es\/wp-json\/wp\/v2\/tags\/?post=3459"}],"curies":[{"name":"wp","href":"https:\/\/api.w.org\/{rel}","templated":true}]}}