{"id":3578,"date":"2022-10-09T21:43:52","date_gmt":"2022-10-09T19:43:52","guid":{"rendered":"https:\/\/orainprebentzioa.com\/?p=3578"},"modified":"2023-12-21T14:35:41","modified_gmt":"2023-12-21T13:35:41","slug":"preventic-podcast-sobre-los-riesgos-asociados-al-uso-de-las-tic-y-redes-sociales","status":"publish","type":"post","link":"https:\/\/orainprebentzioa.com\/es\/preventic-podcast-sobre-los-riesgos-asociados-al-uso-de-las-tic-y-redes-sociales\/","title":{"rendered":"PrevenTIC: Podcast sobre los riesgos asociados al uso de las TIC y redes sociales"},"content":{"rendered":"<div>Desde Orainprebentzioa, hemos lanzado el proyecto de Podcast \u00abPrevenTIC\u00bb. Este proyecto consta de cinco podcast de formato breve, a trav\u00e9s de los cuales se pretende realizar una acci\u00f3n preventiva sobre los riesgos asociados al uso de las TIC y Redes Sociales. Los episodios, abordan diferentes tem\u00e1ticas relacionadas con los riesgos que tienen loas usos o malos usos que se hacen de las redes sociales y las TIC. \u00a0A trav\u00e9s de un formato diferente hasta ahora en este tipo de iniciativas educativas, los podcasts contienen piezas de ficci\u00f3n sonora basados en casos reales entremezcladas con informaci\u00f3n relacionada con el tema, as\u00ed como consejos para evitar o reducir estos riesgos y como afrontarlos. Cada semana, se publicara uno de los episodios en diferentes plataformas, para que cualquier usuaria o usuario, pueda acceder a estos desde cualquier dispositivo. Esperamos que esta iniciativa resulte interesante para el p\u00fablico en general, pudiendo dar lugar a la reflexi\u00f3n, identificaci\u00f3n y prevenci\u00f3n.<\/div>\n<div><a target=\"_blank\" href=\"https:\/\/open.spotify.com\/show\/46Yl7mcEcJp4nfk36zcYGA?si=ae03f14d264b4c49\">Spotify<span aria-hidden=\"true\" class=\"flaticon-external-url\" title=\"abrir en una nueva ventana\"><span class=\"sr-only\">Abrir en una nueva ventana<\/span><\/span> <\/a> \/ <a target=\"_blank\" href=\"https:\/\/go.ivoox.com\/sq\/1681986\">Ivoox<span aria-hidden=\"true\" class=\"flaticon-external-url\" title=\"abrir en una nueva ventana\"><span class=\"sr-only\">Abrir en una nueva ventana<\/span><\/span> <\/a><\/div>\n","protected":false},"excerpt":{"rendered":"<p>Desde Orainprebentzioa, hemos lanzado el proyecto de Podcast \u00abPrevenTIC\u00bb. Este proyecto consta de cinco podcast de formato breve, a trav\u00e9s de los cuales se pretende realizar una acci\u00f3n preventiva sobre los riesgos asociados al uso de las TIC y Redes Sociales. Los episodios, abordan diferentes tem\u00e1ticas relacionadas con los riesgos que tienen loas usos o malos usos que se hacen [&hellip;]<\/p>\n","protected":false},"author":2,"featured_media":3580,"comment_status":"open","ping_status":"open","sticky":false,"template":"","format":"standard","meta":{"footnotes":""},"categories":[48,34],"tags":[],"_links":{"self":[{"href":"https:\/\/orainprebentzioa.com\/es\/wp-json\/wp\/v2\/posts\/3578\/"}],"collection":[{"href":"https:\/\/orainprebentzioa.com\/es\/wp-json\/wp\/v2\/posts\/"}],"about":[{"href":"https:\/\/orainprebentzioa.com\/es\/wp-json\/wp\/v2\/types\/post\/"}],"author":[{"embeddable":true,"href":"https:\/\/orainprebentzioa.com\/es\/wp-json\/wp\/v2\/users\/2\/"}],"replies":[{"embeddable":true,"href":"https:\/\/orainprebentzioa.com\/es\/wp-json\/wp\/v2\/comments\/?post=3578"}],"version-history":[{"count":2,"href":"https:\/\/orainprebentzioa.com\/es\/wp-json\/wp\/v2\/posts\/3578\/revisions\/"}],"predecessor-version":[{"id":3582,"href":"https:\/\/orainprebentzioa.com\/es\/wp-json\/wp\/v2\/posts\/3578\/revisions\/3582\/"}],"wp:featuredmedia":[{"embeddable":true,"href":"https:\/\/orainprebentzioa.com\/es\/wp-json\/wp\/v2\/media\/3580\/"}],"wp:attachment":[{"href":"https:\/\/orainprebentzioa.com\/es\/wp-json\/wp\/v2\/media\/?parent=3578"}],"wp:term":[{"taxonomy":"category","embeddable":true,"href":"https:\/\/orainprebentzioa.com\/es\/wp-json\/wp\/v2\/categories\/?post=3578"},{"taxonomy":"post_tag","embeddable":true,"href":"https:\/\/orainprebentzioa.com\/es\/wp-json\/wp\/v2\/tags\/?post=3578"}],"curies":[{"name":"wp","href":"https:\/\/api.w.org\/{rel}","templated":true}]}}