{"id":3719,"date":"2023-11-29T22:40:48","date_gmt":"2023-11-29T21:40:48","guid":{"rendered":"https:\/\/orainprebentzioa.com\/?p=3719"},"modified":"2023-11-29T22:50:02","modified_gmt":"2023-11-29T21:50:02","slug":"uso-y-abuso-de-las-nuevas-tecnologias-mas-de-uno-gipuzkoa-con-eduardo-yanez","status":"publish","type":"post","link":"https:\/\/orainprebentzioa.com\/es\/uso-y-abuso-de-las-nuevas-tecnologias-mas-de-uno-gipuzkoa-con-eduardo-yanez\/","title":{"rendered":"Uso y abuso de las nuevas tecnolog\u00edas  &#8211; En el programa de radio \u00abM\u00e1s de Uno Gipuzkoa\u00bb con Eduardo Ya\u00f1ez"},"content":{"rendered":"<p>Tertulia en el Programa de radio \u00abM\u00e1s de uno Gipuzkoa\u00bb de Onda Cero conducido por Eduardo Ya\u00f1ez sobre los m\u00f3viles y las nuevas tecnolog\u00edas con Telmo Lazkano &#8211; Formador en Redes Sociales y Pantallas \/ profesor de Educaci\u00f3n Secundaria y creador del proyecto No phone Challenge, Mikel Cerezo &#8211; Educador Social especializado en el trabajo con adolescentes en situaci\u00f3n de desprotecci\u00f3n y en la prevenci\u00f3n del las adicciones (TIC\/Nuevas Tecnolog\u00edas, cannabis y alcohol) de la asociaci\u00f3n Orainprebentzioa y Jorge Campanillas &#8211; Abogado especialista TIC \/ Nuevas tecnolog\u00edas.<\/p>\n<p><a target=\"_blank\" href=\"https:\/\/www.ondacero.es\/emisoras\/pais-vasco\/audios-podcast\/gipuzkoa-mas-de-uno\/mas-uno-gipuzkoa-eduardo-yanez-29112023_20231129656739dc533bd200010cc9d3.html\">Programa<span aria-hidden=\"true\" class=\"flaticon-external-url\" title=\"abrir en una nueva ventana\"><span class=\"sr-only\">Abrir en una nueva ventana<\/span><\/span> <\/a><\/p>\n","protected":false},"excerpt":{"rendered":"<p>Tertulia en el Programa de radio \u00abM\u00e1s de uno Gipuzkoa\u00bb de Onda Cero conducido por Eduardo Ya\u00f1ez sobre los m\u00f3viles y las nuevas tecnolog\u00edas con Telmo Lazkano &#8211; Formador en Redes Sociales y Pantallas \/ profesor de Educaci\u00f3n Secundaria y creador del proyecto No phone Challenge, Mikel Cerezo &#8211; Educador Social especializado en el trabajo con adolescentes en situaci\u00f3n de [&hellip;]<\/p>\n","protected":false},"author":2,"featured_media":3723,"comment_status":"open","ping_status":"open","sticky":false,"template":"","format":"standard","meta":{"footnotes":""},"categories":[48,34],"tags":[],"_links":{"self":[{"href":"https:\/\/orainprebentzioa.com\/es\/wp-json\/wp\/v2\/posts\/3719\/"}],"collection":[{"href":"https:\/\/orainprebentzioa.com\/es\/wp-json\/wp\/v2\/posts\/"}],"about":[{"href":"https:\/\/orainprebentzioa.com\/es\/wp-json\/wp\/v2\/types\/post\/"}],"author":[{"embeddable":true,"href":"https:\/\/orainprebentzioa.com\/es\/wp-json\/wp\/v2\/users\/2\/"}],"replies":[{"embeddable":true,"href":"https:\/\/orainprebentzioa.com\/es\/wp-json\/wp\/v2\/comments\/?post=3719"}],"version-history":[{"count":4,"href":"https:\/\/orainprebentzioa.com\/es\/wp-json\/wp\/v2\/posts\/3719\/revisions\/"}],"predecessor-version":[{"id":3732,"href":"https:\/\/orainprebentzioa.com\/es\/wp-json\/wp\/v2\/posts\/3719\/revisions\/3732\/"}],"wp:featuredmedia":[{"embeddable":true,"href":"https:\/\/orainprebentzioa.com\/es\/wp-json\/wp\/v2\/media\/3723\/"}],"wp:attachment":[{"href":"https:\/\/orainprebentzioa.com\/es\/wp-json\/wp\/v2\/media\/?parent=3719"}],"wp:term":[{"taxonomy":"category","embeddable":true,"href":"https:\/\/orainprebentzioa.com\/es\/wp-json\/wp\/v2\/categories\/?post=3719"},{"taxonomy":"post_tag","embeddable":true,"href":"https:\/\/orainprebentzioa.com\/es\/wp-json\/wp\/v2\/tags\/?post=3719"}],"curies":[{"name":"wp","href":"https:\/\/api.w.org\/{rel}","templated":true}]}}